{"id":11373,"date":"2025-08-27T12:00:00","date_gmt":"2025-08-27T10:00:00","guid":{"rendered":"https:\/\/wegeblw.pl\/index.php\/2025\/08\/27\/innowacyjne-zabiegi-zamykania-naczynek-dla-promiennej-skory\/"},"modified":"2026-04-30T11:07:17","modified_gmt":"2026-04-30T09:07:17","slug":"innowacyjne-zabiegi-zamykania-naczynek-dla-promiennej-skory","status":"publish","type":"post","link":"https:\/\/wegeblw.pl\/index.php\/2025\/08\/27\/innowacyjne-zabiegi-zamykania-naczynek-dla-promiennej-skory\/","title":{"rendered":"Innowacyjne zabiegi zamykania naczynek dla promiennej sk\u00f3ry"},"content":{"rendered":"<h2>Po\u0144czochy czy podkolan\u00f3wki \u2014 co wybra\u0107?<\/h2>\n<p>Po operacji \u017cylak\u00f3w lekarz zwykle zaleca ucisk, ale wyb\u00f3r mi\u0119dzy po\u0144czochami a podkolan\u00f3wkami nie jest zawsze oczywisty. Po\u0144czochy obejmuj\u0105 udo i lepiej stabilizuj\u0105 ucisk w obr\u0119bie pachwiny, podczas gdy podkolan\u00f3wki ko\u0144cz\u0105 si\u0119 poni\u017cej kolana i s\u0105 \u0142atwiejsze w zak\u0142adaniu.<\/p>\n<p>W Poznaniu dost\u0119pno\u015b\u0107 modeli i stopni kompresji jest du\u017ca \u2014 od aptek po sklepy medyczne. Dobrze jest przed zakupem przymierzy\u0107 kilka rozmiar\u00f3w, a w razie w\u0105tpliwo\u015bci skonsultowa\u0107 si\u0119 z lekarzem prowadz\u0105cym.<\/p>\n<p>Na rynku znajdziesz te\u017c opcj\u0119 zam\u00f3wienia online, np. <a href=\"https:\/\/kompresyjni.pl\/pl\/35-ponczochy-przeciwzylakowe\">po\u0144czochy przeciw\u017cylakowe Pozna\u0144<\/a>, co mo\u017ce by\u0107 wygodne, je\u015bli znasz ju\u017c swoje wymiary i klas\u0119 kompresji.<\/p>\n<h2>Kiedy stosowa\u0107 ucisk po operacji?<\/h2>\n<p>Bezpiecze\u0144stwo po zabiegu zale\u017cy od w\u0142a\u015bciwego stosowania terapii uciskowej. W pierwszych dniach i tygodniach po operacji kontrola obrz\u0119ku i zmniejszenie b\u00f3lu s\u0105 priorytetami, dlatego wiele zalece\u0144 obejmuje sta\u0142e noszenie opatrunku kompresyjnego przez okre\u015blony czas.<\/p>\n<p>Standardowe zalecenia mog\u0105 si\u0119 r\u00f3\u017cni\u0107: niekt\u00f3rzy chirurdzy prosz\u0105 o noszenie przez 24 godziny na dob\u0119 przez 1\u20132 tygodnie, inni sugeruj\u0105 u\u017cywanie jedynie w ci\u0105gu dnia przez kilka tygodni. Zawsze stosuj si\u0119 do zalece\u0144 specjalisty.<\/p>\n<h2>Por\u00f3wnanie: po\u0144czochy vs podkolan\u00f3wki<\/h2>\n<p>\u017beby u\u0142atwi\u0107 wyb\u00f3r, zestawili\u015bmy najwa\u017cniejsze r\u00f3\u017cnice. Tabela poni\u017cej przedstawia cechy, kt\u00f3re warto rozwa\u017cy\u0107 przy zakupie po operacji.<\/p>\n<table>\n<tr>\n<th>Cecha<\/th>\n<th>Po\u0144czochy<\/th>\n<th>Podkolan\u00f3wki<\/th>\n<\/tr>\n<tr>\n<td>Zakres ucisku<\/td>\n<td>Od stopy po udo, stabilny ucisk<\/td>\n<td>Od stopy do podkolenia, mniejszy wp\u0142yw na udo<\/td>\n<\/tr>\n<tr>\n<td>\u0141atwo\u015b\u0107 zak\u0142adania<\/td>\n<td>Trudniejsze, zw\u0142aszcza przy du\u017cym obrz\u0119ku<\/td>\n<td>\u0141atwiejsze do samodzielnego za\u0142o\u017cenia<\/td>\n<\/tr>\n<tr>\n<td>Ochrona przed nawrotem<\/td>\n<td>Lepsza ochrona obszaru uda<\/td>\n<td>Wystarczaj\u0105ce przy ma\u0142ych naczyniach i kr\u00f3tkich procedurach<\/td>\n<\/tr>\n<\/table>\n<h2>Jak dobra\u0107 rozmiar i klas\u0119 kompresji<\/h2>\n<p>Prawid\u0142owy dob\u00f3r to podstawa skuteczno\u015bci. Najpierw ustal, jak\u0105 klas\u0119 kompresji zaleci\u0142 lekarz \u2014 typowe to II (23\u201332 mmHg) lub I (18\u201321 mmHg) po zabiegach ambulatoryjnych.<\/p>\n<ul>\n<li>Pomiary: obw\u00f3d kostki, \u0142ydki i uda w okre\u015blonych punktach.<\/li>\n<li>Uwaga na odczucia: zbyt ciasne wywo\u0142uj\u0105 b\u00f3l i dr\u0119twienie, za lu\u017ane nie dzia\u0142aj\u0105.<\/li>\n<li>W razie w\u0105tpliwo\u015bci popro\u015b o pomoc w sklepie medycznym lub u fizjoterapeuty.<\/li>\n<\/ul>\n<p>Materia\u0142, zapinanie (bezszwowe, z silikonow\u0105 ta\u015bm\u0105) oraz d\u0142ugo\u015b\u0107 tak\u017ce wp\u0142ywaj\u0105 na komfort noszenia. Zwr\u00f3\u0107 uwag\u0119 na mo\u017cliwo\u015b\u0107 prania i trwa\u0142o\u015b\u0107 w\u0142\u00f3kien \u2014 przy codziennym u\u017cyciu to istotne.<\/p>\n<h2>Gdzie kupi\u0107 i o czym pami\u0119ta\u0107 w Poznaniu<\/h2>\n<p>W Poznaniu specjalistyczne sklepy medyczne i wybrane apteki oferuj\u0105 przymierzalnie i pomoc przy doborze. Wizyta w sklepie stacjonarnym jest wskazana, je\u015bli potrzebujesz osobistego dopasowania.<\/p>\n<p>Je\u015bli wolisz zakupy online, sprawd\u017a opinie, polityk\u0119 zwrot\u00f3w i tabele rozmiar\u00f3w. Upewnij si\u0119, \u017ce sprzedawca umo\u017cliwia wymian\u0119, gdy rozmiar oka\u017ce si\u0119 niew\u0142a\u015bciwy.<\/p>\n<p>Wa\u017cne: przed zakupem skonsultuj si\u0119 z lekarzem, szczeg\u00f3lnie je\u015bli mia\u0142e\u015b powik\u0142ania lub wsp\u00f3\u0142istniej\u0105 inne choroby (cukrzyca, neuropatia). Kompresja pomaga, ale musi by\u0107 stosowana rozs\u0105dnie i zgodnie z zaleceniami specjalisty.<\/p>\n<h3>Czy po operacji zawsze trzeba nosi\u0107 po\u0144czochy?<\/h3>\n<p>Nie zawsze. Decyzj\u0119 podejmuje lekarz na podstawie rodzaju zabiegu i stanu pacjenta. Czasami wystarcz\u0105 podkolan\u00f3wki, innym razem potrzebny jest d\u0142u\u017cszy r\u0119kaw kompresyjny.<\/p>\n<h3>Jak d\u0142ugo nosi\u0107 kompresj\u0119 po zabiegu?<\/h3>\n<p>Typowo od kilku tygodni do kilku miesi\u0119cy, zale\u017cnie od wskaza\u0144 chirurga i tempa gojenia. Post\u0119puj wed\u0142ug zalece\u0144 i kontroluj stan sk\u00f3ry oraz obrz\u0119k.<\/p>\n<h3>Czy mog\u0119 pra\u0107 po\u0144czochy w pralce?<\/h3>\n<p>Wi\u0119kszo\u015b\u0107 wyrob\u00f3w mo\u017cna pra\u0107 w pralce w delikatnym cyklu i niskiej temperaturze, ale warto stosowa\u0107 worek do prania i unika\u0107 suszenia na kaloryferze. Zawsze sprawd\u017a instrukcj\u0119 producenta.<\/p>\n<h3>Czy kompresja mo\u017ce szkodzi\u0107?<\/h3>\n<p>Rzadko, ale zbyt mocny ucisk lub niew\u0142a\u015bciwy rozmiar mo\u017ce powodowa\u0107 problemy: b\u00f3l, zasinienia, dr\u0119twienie. Przy dolegliwo\u015bciach przerwij u\u017cywanie i skonsultuj si\u0119 z lekarzem.<\/p>\n","protected":false},"excerpt":{"rendered":"<p>Artyku\u0142 prezentuje najnowsze, innowacyjne techniki zamykania naczynek, kt\u00f3re umo\u017cliwiaj\u0105 uzyskanie promiennej i zdrowo wygl\u0105daj\u0105cej sk\u00f3ry. Nowoczesne metody, oparte na precyzyjnych narz\u0119dziach takich jak laseroterapia i intensywna pulsacyjna terapia \u015bwietlna, skutecznie redukuj\u0105 drobne naczynka, minimalizuj\u0105c zaczerwienienia i poprawiaj\u0105c koloryt cery. Zabiegi te charakteryzuj\u0105 si\u0119 wysok\u0105 skuteczno\u015bci\u0105, minimaln\u0105 inwazyjno\u015bci\u0105 oraz kr\u00f3tkim czasem rekonwalescencji, co czyni je atrakcyjnym rozwi\u0105zaniem dla pacjent\u00f3w szukaj\u0105cych szybkich efekt\u00f3w. Zapraszamy do lektury pe\u0142nego artyku\u0142u, aby dowiedzie\u0107 si\u0119 wi\u0119cej o rewolucyjnych metodach dbania o zdrowie i blask sk\u00f3ry.<\/p>\n","protected":false},"author":1,"featured_media":11372,"comment_status":"closed","ping_status":"closed","sticky":false,"template":"","format":"standard","meta":{"footnotes":""},"categories":[1],"tags":[],"class_list":["post-11373","post","type-post","status-publish","format-standard","has-post-thumbnail","hentry","category-bez-kategorii"],"_links":{"self":[{"href":"https:\/\/wegeblw.pl\/index.php\/wp-json\/wp\/v2\/posts\/11373","targetHints":{"allow":["GET"]}}],"collection":[{"href":"https:\/\/wegeblw.pl\/index.php\/wp-json\/wp\/v2\/posts"}],"about":[{"href":"https:\/\/wegeblw.pl\/index.php\/wp-json\/wp\/v2\/types\/post"}],"author":[{"embeddable":true,"href":"https:\/\/wegeblw.pl\/index.php\/wp-json\/wp\/v2\/users\/1"}],"replies":[{"embeddable":true,"href":"https:\/\/wegeblw.pl\/index.php\/wp-json\/wp\/v2\/comments?post=11373"}],"version-history":[{"count":5,"href":"https:\/\/wegeblw.pl\/index.php\/wp-json\/wp\/v2\/posts\/11373\/revisions"}],"predecessor-version":[{"id":11960,"href":"https:\/\/wegeblw.pl\/index.php\/wp-json\/wp\/v2\/posts\/11373\/revisions\/11960"}],"wp:featuredmedia":[{"embeddable":true,"href":"https:\/\/wegeblw.pl\/index.php\/wp-json\/wp\/v2\/media\/11372"}],"wp:attachment":[{"href":"https:\/\/wegeblw.pl\/index.php\/wp-json\/wp\/v2\/media?parent=11373"}],"wp:term":[{"taxonomy":"category","embeddable":true,"href":"https:\/\/wegeblw.pl\/index.php\/wp-json\/wp\/v2\/categories?post=11373"},{"taxonomy":"post_tag","embeddable":true,"href":"https:\/\/wegeblw.pl\/index.php\/wp-json\/wp\/v2\/tags?post=11373"}],"curies":[{"name":"wp","href":"https:\/\/api.w.org\/{rel}","templated":true}]}}